{"id":1038,"date":"2019-02-04T14:47:45","date_gmt":"2019-02-04T12:47:45","guid":{"rendered":"https:\/\/rsteel.testisivu.dev\/r-group-baltic-ou-siirtyy-uuteen-laajempaan-tilaan-kasvun-tukemiseksi\/"},"modified":"2023-04-13T08:23:32","modified_gmt":"2023-04-13T05:23:32","slug":"r-group-baltic-ou-siirtyy-uuteen-laajempaan-tilaan-kasvun-tukemiseksi","status":"publish","type":"post","link":"https:\/\/www.rsteel.eu\/fi\/r-group-baltic-ou-siirtyy-uuteen-laajempaan-tilaan-kasvun-tukemiseksi\/","title":{"rendered":"R-GROUP BALTIC O\u00dc siirtyy uuteen laajempaan tilaan kasvun tukemiseksi"},"content":{"rendered":"\n<p><em>Uusi koti tuo tuotannon, toimiston ja varaston saman katon alle.<\/em><\/p>\n\n<p><strong>T\u00e4rke\u00e4\u00e4:<\/strong><em> Ota huomioon alla olevat uudet osoitetiedot ja jaa se sis\u00e4isten tietueiden osastojen kanssa. Muut yhteystietomme, mukaan lukien puhelinnumerot ja s\u00e4hk\u00f6postiosoitteet, pysyv\u00e4t samoina.<\/em><\/p>\n\n<div class=\"wp-block-columns is-layout-flex wp-container-core-columns-is-layout-28f84493 wp-block-columns-is-layout-flex\">\n<div class=\"wp-block-column is-layout-flow wp-block-column-is-layout-flow\">\n<p><strong>Uusi postitus \/ l\u00e4hetys ja toimeksianto (voimassa 01. helmikuuta 2019):<\/strong><\/p>\n\n\n\n<p>R-GROUP BALTIC O\u00dc<br\/>K\u00f5rtsi tee 7<br\/>(Vihre\u00e4 rakennus)<br\/>Lehmja K\u00fcla, Rae Vald<br\/>75306 Harjumaa<br\/>VIRO<br\/>V\u00e4kijoukko. +372 578 396 76<\/p>\n<\/div>\n\n\n\n<div class=\"wp-block-column is-layout-flow wp-block-column-is-layout-flow\">\n<figure class=\"wp-block-image size-full\"><img fetchpriority=\"high\" decoding=\"async\" width=\"300\" height=\"243\" src=\"https:\/\/rsteel.eu\/wp-content\/uploads\/R-GRoup-Baltic-OU-300x243-1.jpg\" alt=\"\" class=\"wp-image-1016\"\/><\/figure><\/div>\n<\/div>\n\n<p>Olemme iloisia voidessamme ilmoittaa, ett\u00e4 1. helmikuuta 2019 olemme tehneet siirtym\u00e4mme uuteen, suurempaan tehtaan ja toimistorakennukseen. R-ryhm\u00e4n uusi laitos, jonka pinta-ala on noin 5700 neli\u00f6metri\u00e4, sijaitsee Tallinnan houkuttelevassa logistiikka- ja teollisuusalueella, ja se on rakennettu korkean laadun ja nykyaikaisen eurooppalaisen standardin mukaisesti, mik\u00e4 takaa korkean energiatehokkuuden ja kest\u00e4vyyden. taideteollisuus auttaa meit\u00e4 virtaviivaistamaan valmistusprosessiamme ja auttamaan laajentumistamme vastaamaan korkealaatuisten esivalmisteiden ja betoniliitosten kysynt\u00e4\u00e4.<\/p>\n\n<p>\u201cOlemme eritt\u00e4in innoissamme laajentumaan uuteen, suurempaan laitokseen.\u201d Hallituksen puheenjohtaja R-ryhm\u00e4n puheenjohtaja Antti Repo sanoo. \u201dMuutos parantaa tuotantoa, katalysoi jatkuvaa kasvua ja tukee uusien tuotteiden innovointia.\u201d<br\/>Kiitos, ett\u00e4 luotat RSTEEL\u00ae-tiimiin valmiiksi ja betoniliitoksillasi. Sitoutumisemme tarpeiden t\u00e4ytt\u00e4miseen on edelleen vankka.<br\/>Odotamme innolla jatkuvaa tukeasi.<\/p>\n\n<h4 class=\"wp-block-heading\">Tietoa R-ryhm\u00e4st\u00e4<\/h4>\n\n<p>R-Group on johtava ter\u00e4sliit\u00e4nt\u00f6jen valmistaja valmis- ja valukappaleiden rakentamiseen ymp\u00e4ri maailmaa. Yli kolme vuosikymment\u00e4 osallistumme valtaviin projekteihin, emme tee kompromisseja laadusta tai asiakastyytyv\u00e4isyydest\u00e4 ja luomme yhteyksi\u00e4 elinkaaren ajan. Asiakasl\u00e4ht\u00f6inen palvelu, erinomainen ja luotettava toimittajien verkosto sek\u00e4 laaja tuotevalikoima takaavat, ett\u00e4 pystymme tarjoamaan ammattitaitoisia ja joustavia ratkaisuja kaikenlaisiin hankkeisiin. Toiminnassamme noudatamme ISO 9001- ja 14001-standardeja.<\/p>\n\n<h4 class=\"wp-block-heading\">Lis\u00e4tietoja on osoitteessa:<\/h4>\n\n<p><a href=\"http:\/\/www.repo.eu\">www.repo.eu<\/a> , s\u00e4hk\u00f6posti: <a href=\"mailto:info@repo.eu\">info@repo.eu<\/a> , tai soita numeroon <a href=\"tel:+358207229420\">+358 20 722 9420<\/a><\/p>\n","protected":false},"excerpt":{"rendered":"<p>Uusi koti tuo tuotannon, toimiston ja varaston saman katon alle. T\u00e4rke\u00e4\u00e4: Ota huomioon alla olevat uudet osoitetiedot ja jaa se sis\u00e4isten tietueiden osastojen kanssa. Muut yhteystietomme, mukaan lukien puhelinnumerot ja s\u00e4hk\u00f6postiosoitteet, pysyv\u00e4t samoina. Uusi postitus \/ l\u00e4hetys ja toimeksianto (voimassa 01. helmikuuta 2019): R-GROUP BALTIC O\u00dcK\u00f5rtsi tee 7(Vihre\u00e4 rakennus)Lehmja K\u00fcla, Rae Vald75306 HarjumaaVIROV\u00e4kijoukko. +372 578 [&hellip;]<\/p>\n","protected":false},"author":4,"featured_media":1017,"comment_status":"closed","ping_status":"closed","sticky":false,"template":"","format":"standard","meta":{"_acf_changed":false,"footnotes":""},"categories":[22],"tags":[],"class_list":["post-1038","post","type-post","status-publish","format-standard","has-post-thumbnail","hentry","category-uutiset"],"acf":[],"yoast_head":"<!-- This site is optimized with the Yoast SEO plugin v27.1.1 - https:\/\/yoast.com\/product\/yoast-seo-wordpress\/ -->\n<title>R-GROUP BALTIC O\u00dc siirtyy uuteen laajempaan tilaan kasvun tukemiseksi - RSTEEL\u00ae<\/title>\n<meta name=\"robots\" content=\"index, follow, max-snippet:-1, max-image-preview:large, max-video-preview:-1\" \/>\n<link rel=\"canonical\" href=\"https:\/\/www.rsteel.eu\/fi\/r-group-baltic-ou-siirtyy-uuteen-laajempaan-tilaan-kasvun-tukemiseksi\/\" \/>\n<meta property=\"og:locale\" content=\"fi_FI\" \/>\n<meta property=\"og:type\" content=\"article\" \/>\n<meta property=\"og:title\" content=\"R-GROUP BALTIC O\u00dc siirtyy uuteen laajempaan tilaan kasvun tukemiseksi - RSTEEL\u00ae\" \/>\n<meta property=\"og:description\" content=\"Uusi koti tuo tuotannon, toimiston ja varaston saman katon alle. T\u00e4rke\u00e4\u00e4: Ota huomioon alla olevat uudet osoitetiedot ja jaa se sis\u00e4isten tietueiden osastojen kanssa. Muut yhteystietomme, mukaan lukien puhelinnumerot ja s\u00e4hk\u00f6postiosoitteet, pysyv\u00e4t samoina. Uusi postitus \/ l\u00e4hetys ja toimeksianto (voimassa 01. helmikuuta 2019): R-GROUP BALTIC O\u00dcK\u00f5rtsi tee 7(Vihre\u00e4 rakennus)Lehmja K\u00fcla, Rae Vald75306 HarjumaaVIROV\u00e4kijoukko. +372 578 [&hellip;]\" \/>\n<meta property=\"og:url\" content=\"https:\/\/www.rsteel.eu\/fi\/r-group-baltic-ou-siirtyy-uuteen-laajempaan-tilaan-kasvun-tukemiseksi\/\" \/>\n<meta property=\"og:site_name\" content=\"RSTEEL\u00ae\" \/>\n<meta property=\"article:published_time\" content=\"2019-02-04T12:47:45+00:00\" \/>\n<meta property=\"article:modified_time\" content=\"2023-04-13T05:23:32+00:00\" \/>\n<meta property=\"og:image\" content=\"https:\/\/mlavatqvr5rz.i.optimole.com\/cb:I2K_.591ca\/w:300\/h:243\/q:83\/f:best\/https:\/\/www.rsteel.eu\/wp-content\/uploads\/R-GRoup-Baltic-OU-300x243-1.jpg\" \/>\n\t<meta property=\"og:image:width\" content=\"300\" \/>\n\t<meta property=\"og:image:height\" content=\"243\" \/>\n\t<meta property=\"og:image:type\" content=\"image\/jpeg\" \/>\n<meta name=\"author\" content=\"Digiteam\" \/>\n<meta name=\"twitter:card\" content=\"summary_large_image\" \/>\n<meta name=\"twitter:label1\" content=\"Kirjoittanut\" \/>\n\t<meta name=\"twitter:data1\" content=\"Digiteam\" \/>\n\t<meta name=\"twitter:label2\" content=\"Arvioitu lukuaika\" \/>\n\t<meta name=\"twitter:data2\" content=\"1 minuutti\" \/>\n<script type=\"application\/ld+json\" class=\"yoast-schema-graph\">{\"@context\":\"https:\/\/schema.org\",\"@graph\":[{\"@type\":\"Article\",\"@id\":\"https:\/\/www.rsteel.eu\/fi\/r-group-baltic-ou-siirtyy-uuteen-laajempaan-tilaan-kasvun-tukemiseksi\/#article\",\"isPartOf\":{\"@id\":\"https:\/\/www.rsteel.eu\/fi\/r-group-baltic-ou-siirtyy-uuteen-laajempaan-tilaan-kasvun-tukemiseksi\/\"},\"author\":{\"name\":\"Digiteam\",\"@id\":\"https:\/\/www.rsteel.eu\/fi\/#\/schema\/person\/b99261607f34a0f721ebb0becda5224d\"},\"headline\":\"R-GROUP BALTIC O\u00dc siirtyy uuteen laajempaan tilaan kasvun tukemiseksi\",\"datePublished\":\"2019-02-04T12:47:45+00:00\",\"dateModified\":\"2023-04-13T05:23:32+00:00\",\"mainEntityOfPage\":{\"@id\":\"https:\/\/www.rsteel.eu\/fi\/r-group-baltic-ou-siirtyy-uuteen-laajempaan-tilaan-kasvun-tukemiseksi\/\"},\"wordCount\":260,\"publisher\":{\"@id\":\"https:\/\/www.rsteel.eu\/fi\/#organization\"},\"image\":{\"@id\":\"https:\/\/www.rsteel.eu\/fi\/r-group-baltic-ou-siirtyy-uuteen-laajempaan-tilaan-kasvun-tukemiseksi\/#primaryimage\"},\"thumbnailUrl\":\"https:\/\/www.rsteel.eu\/wp-content\/uploads\/R-GRoup-Baltic-OU-300x243-1.jpg\",\"articleSection\":[\"Uutiset\"],\"inLanguage\":\"fi\"},{\"@type\":\"WebPage\",\"@id\":\"https:\/\/www.rsteel.eu\/fi\/r-group-baltic-ou-siirtyy-uuteen-laajempaan-tilaan-kasvun-tukemiseksi\/\",\"url\":\"https:\/\/www.rsteel.eu\/fi\/r-group-baltic-ou-siirtyy-uuteen-laajempaan-tilaan-kasvun-tukemiseksi\/\",\"name\":\"R-GROUP BALTIC O\u00dc siirtyy uuteen laajempaan tilaan kasvun tukemiseksi - RSTEEL\u00ae\",\"isPartOf\":{\"@id\":\"https:\/\/www.rsteel.eu\/fi\/#website\"},\"primaryImageOfPage\":{\"@id\":\"https:\/\/www.rsteel.eu\/fi\/r-group-baltic-ou-siirtyy-uuteen-laajempaan-tilaan-kasvun-tukemiseksi\/#primaryimage\"},\"image\":{\"@id\":\"https:\/\/www.rsteel.eu\/fi\/r-group-baltic-ou-siirtyy-uuteen-laajempaan-tilaan-kasvun-tukemiseksi\/#primaryimage\"},\"thumbnailUrl\":\"https:\/\/www.rsteel.eu\/wp-content\/uploads\/R-GRoup-Baltic-OU-300x243-1.jpg\",\"datePublished\":\"2019-02-04T12:47:45+00:00\",\"dateModified\":\"2023-04-13T05:23:32+00:00\",\"breadcrumb\":{\"@id\":\"https:\/\/www.rsteel.eu\/fi\/r-group-baltic-ou-siirtyy-uuteen-laajempaan-tilaan-kasvun-tukemiseksi\/#breadcrumb\"},\"inLanguage\":\"fi\",\"potentialAction\":[{\"@type\":\"ReadAction\",\"target\":[\"https:\/\/www.rsteel.eu\/fi\/r-group-baltic-ou-siirtyy-uuteen-laajempaan-tilaan-kasvun-tukemiseksi\/\"]}]},{\"@type\":\"ImageObject\",\"inLanguage\":\"fi\",\"@id\":\"https:\/\/www.rsteel.eu\/fi\/r-group-baltic-ou-siirtyy-uuteen-laajempaan-tilaan-kasvun-tukemiseksi\/#primaryimage\",\"url\":\"https:\/\/www.rsteel.eu\/wp-content\/uploads\/R-GRoup-Baltic-OU-300x243-1.jpg\",\"contentUrl\":\"https:\/\/www.rsteel.eu\/wp-content\/uploads\/R-GRoup-Baltic-OU-300x243-1.jpg\",\"width\":300,\"height\":243},{\"@type\":\"BreadcrumbList\",\"@id\":\"https:\/\/www.rsteel.eu\/fi\/r-group-baltic-ou-siirtyy-uuteen-laajempaan-tilaan-kasvun-tukemiseksi\/#breadcrumb\",\"itemListElement\":[{\"@type\":\"ListItem\",\"position\":1,\"name\":\"Home\",\"item\":\"https:\/\/www.rsteel.eu\/fi\/\"},{\"@type\":\"ListItem\",\"position\":2,\"name\":\"R-GROUP BALTIC O\u00dc siirtyy uuteen laajempaan tilaan kasvun tukemiseksi\"}]},{\"@type\":\"WebSite\",\"@id\":\"https:\/\/www.rsteel.eu\/fi\/#website\",\"url\":\"https:\/\/www.rsteel.eu\/fi\/\",\"name\":\"RSTEEL\u00ae\",\"description\":\"RSTEEL\u00ae is a Finnish leading global supplier of precast accessories and concrete connections with its operations in Finland, Estonia and other parts of Europe and Asia.\",\"publisher\":{\"@id\":\"https:\/\/www.rsteel.eu\/fi\/#organization\"},\"potentialAction\":[{\"@type\":\"SearchAction\",\"target\":{\"@type\":\"EntryPoint\",\"urlTemplate\":\"https:\/\/www.rsteel.eu\/fi\/?s={search_term_string}\"},\"query-input\":{\"@type\":\"PropertyValueSpecification\",\"valueRequired\":true,\"valueName\":\"search_term_string\"}}],\"inLanguage\":\"fi\"},{\"@type\":\"Organization\",\"@id\":\"https:\/\/www.rsteel.eu\/fi\/#organization\",\"name\":\"RSTEEL\u00ae\",\"url\":\"https:\/\/www.rsteel.eu\/fi\/\",\"logo\":{\"@type\":\"ImageObject\",\"inLanguage\":\"fi\",\"@id\":\"https:\/\/www.rsteel.eu\/fi\/#\/schema\/logo\/image\/\",\"url\":\"https:\/\/www.rsteel.eu\/wp-content\/uploads\/rsteel-logo-1.png\",\"contentUrl\":\"https:\/\/www.rsteel.eu\/wp-content\/uploads\/rsteel-logo-1.png\",\"width\":340,\"height\":63,\"caption\":\"RSTEEL\u00ae\"},\"image\":{\"@id\":\"https:\/\/www.rsteel.eu\/fi\/#\/schema\/logo\/image\/\"}},{\"@type\":\"Person\",\"@id\":\"https:\/\/www.rsteel.eu\/fi\/#\/schema\/person\/b99261607f34a0f721ebb0becda5224d\",\"name\":\"Digiteam\"}]}<\/script>\n<!-- \/ Yoast SEO plugin. -->","yoast_head_json":{"title":"R-GROUP BALTIC O\u00dc siirtyy uuteen laajempaan tilaan kasvun tukemiseksi - RSTEEL\u00ae","robots":{"index":"index","follow":"follow","max-snippet":"max-snippet:-1","max-image-preview":"max-image-preview:large","max-video-preview":"max-video-preview:-1"},"canonical":"https:\/\/www.rsteel.eu\/fi\/r-group-baltic-ou-siirtyy-uuteen-laajempaan-tilaan-kasvun-tukemiseksi\/","og_locale":"fi_FI","og_type":"article","og_title":"R-GROUP BALTIC O\u00dc siirtyy uuteen laajempaan tilaan kasvun tukemiseksi - RSTEEL\u00ae","og_description":"Uusi koti tuo tuotannon, toimiston ja varaston saman katon alle. T\u00e4rke\u00e4\u00e4: Ota huomioon alla olevat uudet osoitetiedot ja jaa se sis\u00e4isten tietueiden osastojen kanssa. Muut yhteystietomme, mukaan lukien puhelinnumerot ja s\u00e4hk\u00f6postiosoitteet, pysyv\u00e4t samoina. Uusi postitus \/ l\u00e4hetys ja toimeksianto (voimassa 01. helmikuuta 2019): R-GROUP BALTIC O\u00dcK\u00f5rtsi tee 7(Vihre\u00e4 rakennus)Lehmja K\u00fcla, Rae Vald75306 HarjumaaVIROV\u00e4kijoukko. +372 578 [&hellip;]","og_url":"https:\/\/www.rsteel.eu\/fi\/r-group-baltic-ou-siirtyy-uuteen-laajempaan-tilaan-kasvun-tukemiseksi\/","og_site_name":"RSTEEL\u00ae","article_published_time":"2019-02-04T12:47:45+00:00","article_modified_time":"2023-04-13T05:23:32+00:00","og_image":[{"width":300,"height":243,"url":"https:\/\/mlavatqvr5rz.i.optimole.com\/cb:I2K_.591ca\/w:300\/h:243\/q:83\/f:best\/https:\/\/www.rsteel.eu\/wp-content\/uploads\/R-GRoup-Baltic-OU-300x243-1.jpg","type":"image\/jpeg"}],"author":"Digiteam","twitter_card":"summary_large_image","twitter_misc":{"Kirjoittanut":"Digiteam","Arvioitu lukuaika":"1 minuutti"},"schema":{"@context":"https:\/\/schema.org","@graph":[{"@type":"Article","@id":"https:\/\/www.rsteel.eu\/fi\/r-group-baltic-ou-siirtyy-uuteen-laajempaan-tilaan-kasvun-tukemiseksi\/#article","isPartOf":{"@id":"https:\/\/www.rsteel.eu\/fi\/r-group-baltic-ou-siirtyy-uuteen-laajempaan-tilaan-kasvun-tukemiseksi\/"},"author":{"name":"Digiteam","@id":"https:\/\/www.rsteel.eu\/fi\/#\/schema\/person\/b99261607f34a0f721ebb0becda5224d"},"headline":"R-GROUP BALTIC O\u00dc siirtyy uuteen laajempaan tilaan kasvun tukemiseksi","datePublished":"2019-02-04T12:47:45+00:00","dateModified":"2023-04-13T05:23:32+00:00","mainEntityOfPage":{"@id":"https:\/\/www.rsteel.eu\/fi\/r-group-baltic-ou-siirtyy-uuteen-laajempaan-tilaan-kasvun-tukemiseksi\/"},"wordCount":260,"publisher":{"@id":"https:\/\/www.rsteel.eu\/fi\/#organization"},"image":{"@id":"https:\/\/www.rsteel.eu\/fi\/r-group-baltic-ou-siirtyy-uuteen-laajempaan-tilaan-kasvun-tukemiseksi\/#primaryimage"},"thumbnailUrl":"https:\/\/www.rsteel.eu\/wp-content\/uploads\/R-GRoup-Baltic-OU-300x243-1.jpg","articleSection":["Uutiset"],"inLanguage":"fi"},{"@type":"WebPage","@id":"https:\/\/www.rsteel.eu\/fi\/r-group-baltic-ou-siirtyy-uuteen-laajempaan-tilaan-kasvun-tukemiseksi\/","url":"https:\/\/www.rsteel.eu\/fi\/r-group-baltic-ou-siirtyy-uuteen-laajempaan-tilaan-kasvun-tukemiseksi\/","name":"R-GROUP BALTIC O\u00dc siirtyy uuteen laajempaan tilaan kasvun tukemiseksi - RSTEEL\u00ae","isPartOf":{"@id":"https:\/\/www.rsteel.eu\/fi\/#website"},"primaryImageOfPage":{"@id":"https:\/\/www.rsteel.eu\/fi\/r-group-baltic-ou-siirtyy-uuteen-laajempaan-tilaan-kasvun-tukemiseksi\/#primaryimage"},"image":{"@id":"https:\/\/www.rsteel.eu\/fi\/r-group-baltic-ou-siirtyy-uuteen-laajempaan-tilaan-kasvun-tukemiseksi\/#primaryimage"},"thumbnailUrl":"https:\/\/www.rsteel.eu\/wp-content\/uploads\/R-GRoup-Baltic-OU-300x243-1.jpg","datePublished":"2019-02-04T12:47:45+00:00","dateModified":"2023-04-13T05:23:32+00:00","breadcrumb":{"@id":"https:\/\/www.rsteel.eu\/fi\/r-group-baltic-ou-siirtyy-uuteen-laajempaan-tilaan-kasvun-tukemiseksi\/#breadcrumb"},"inLanguage":"fi","potentialAction":[{"@type":"ReadAction","target":["https:\/\/www.rsteel.eu\/fi\/r-group-baltic-ou-siirtyy-uuteen-laajempaan-tilaan-kasvun-tukemiseksi\/"]}]},{"@type":"ImageObject","inLanguage":"fi","@id":"https:\/\/www.rsteel.eu\/fi\/r-group-baltic-ou-siirtyy-uuteen-laajempaan-tilaan-kasvun-tukemiseksi\/#primaryimage","url":"https:\/\/www.rsteel.eu\/wp-content\/uploads\/R-GRoup-Baltic-OU-300x243-1.jpg","contentUrl":"https:\/\/www.rsteel.eu\/wp-content\/uploads\/R-GRoup-Baltic-OU-300x243-1.jpg","width":300,"height":243},{"@type":"BreadcrumbList","@id":"https:\/\/www.rsteel.eu\/fi\/r-group-baltic-ou-siirtyy-uuteen-laajempaan-tilaan-kasvun-tukemiseksi\/#breadcrumb","itemListElement":[{"@type":"ListItem","position":1,"name":"Home","item":"https:\/\/www.rsteel.eu\/fi\/"},{"@type":"ListItem","position":2,"name":"R-GROUP BALTIC O\u00dc siirtyy uuteen laajempaan tilaan kasvun tukemiseksi"}]},{"@type":"WebSite","@id":"https:\/\/www.rsteel.eu\/fi\/#website","url":"https:\/\/www.rsteel.eu\/fi\/","name":"RSTEEL\u00ae","description":"RSTEEL\u00ae is a Finnish leading global supplier of precast accessories and concrete connections with its operations in Finland, Estonia and other parts of Europe and Asia.","publisher":{"@id":"https:\/\/www.rsteel.eu\/fi\/#organization"},"potentialAction":[{"@type":"SearchAction","target":{"@type":"EntryPoint","urlTemplate":"https:\/\/www.rsteel.eu\/fi\/?s={search_term_string}"},"query-input":{"@type":"PropertyValueSpecification","valueRequired":true,"valueName":"search_term_string"}}],"inLanguage":"fi"},{"@type":"Organization","@id":"https:\/\/www.rsteel.eu\/fi\/#organization","name":"RSTEEL\u00ae","url":"https:\/\/www.rsteel.eu\/fi\/","logo":{"@type":"ImageObject","inLanguage":"fi","@id":"https:\/\/www.rsteel.eu\/fi\/#\/schema\/logo\/image\/","url":"https:\/\/www.rsteel.eu\/wp-content\/uploads\/rsteel-logo-1.png","contentUrl":"https:\/\/www.rsteel.eu\/wp-content\/uploads\/rsteel-logo-1.png","width":340,"height":63,"caption":"RSTEEL\u00ae"},"image":{"@id":"https:\/\/www.rsteel.eu\/fi\/#\/schema\/logo\/image\/"}},{"@type":"Person","@id":"https:\/\/www.rsteel.eu\/fi\/#\/schema\/person\/b99261607f34a0f721ebb0becda5224d","name":"Digiteam"}]}},"_links":{"self":[{"href":"https:\/\/www.rsteel.eu\/fi\/wp-json\/wp\/v2\/posts\/1038","targetHints":{"allow":["GET"]}}],"collection":[{"href":"https:\/\/www.rsteel.eu\/fi\/wp-json\/wp\/v2\/posts"}],"about":[{"href":"https:\/\/www.rsteel.eu\/fi\/wp-json\/wp\/v2\/types\/post"}],"author":[{"embeddable":true,"href":"https:\/\/www.rsteel.eu\/fi\/wp-json\/wp\/v2\/users\/4"}],"replies":[{"embeddable":true,"href":"https:\/\/www.rsteel.eu\/fi\/wp-json\/wp\/v2\/comments?post=1038"}],"version-history":[{"count":1,"href":"https:\/\/www.rsteel.eu\/fi\/wp-json\/wp\/v2\/posts\/1038\/revisions"}],"predecessor-version":[{"id":1039,"href":"https:\/\/www.rsteel.eu\/fi\/wp-json\/wp\/v2\/posts\/1038\/revisions\/1039"}],"wp:featuredmedia":[{"embeddable":true,"href":"https:\/\/www.rsteel.eu\/fi\/wp-json\/wp\/v2\/media\/1017"}],"wp:attachment":[{"href":"https:\/\/www.rsteel.eu\/fi\/wp-json\/wp\/v2\/media?parent=1038"}],"wp:term":[{"taxonomy":"category","embeddable":true,"href":"https:\/\/www.rsteel.eu\/fi\/wp-json\/wp\/v2\/categories?post=1038"},{"taxonomy":"post_tag","embeddable":true,"href":"https:\/\/www.rsteel.eu\/fi\/wp-json\/wp\/v2\/tags?post=1038"}],"curies":[{"name":"wp","href":"https:\/\/api.w.org\/{rel}","templated":true}]}}